{"id":9618,"date":"2026-09-03T20:49:25","date_gmt":"2026-09-03T20:49:25","guid":{"rendered":"https:\/\/jarinternacional.org\/ludienza-di-leone-xiv-semplificata-la-chiesa-non-puo-guardare-il-mondo-da-lontano-inizia-una-nuova-catechesi-su-gaudium-et-spes\/"},"modified":"2026-09-03T21:31:07","modified_gmt":"2026-09-03T21:31:07","slug":"ludienza-di-leone-xiv-semplificata-la-chiesa-non-puo-guardare-il-mondo-da-lontano-inizia-una-nuova-catechesi-su-gaudium-et-spes","status":"publish","type":"post","link":"https:\/\/jarinternacional.org\/it\/ludienza-di-leone-xiv-semplificata-la-chiesa-non-puo-guardare-il-mondo-da-lontano-inizia-una-nuova-catechesi-su-gaudium-et-spes\/","title":{"rendered":"L&#8217;udienza di Leone XIV semplificata | La Chiesa non pu\u00f2 guardare il mondo da lontano: inizia una nuova catechesi su Gaudium et spes"},"content":{"rendered":"<p data-pm-slice=\"1 1 []\">Nell&#8217;Udienza Generale del 2 settembre 2026, Papa Leone XIV ha iniziato una nuova serie di catechesi sulla costituzione pastorale <em><a href=\"https:\/\/www.vatican.va\/archive\/hist_councils\/ii_vatican_council\/documents\/vat-ii_const_19651207_gaudium-et-spes_sp.html\">Gaudium et spes<\/a><\/em>. Il suo messaggio centrale \u00e8 chiaro: la Chiesa deve ascoltare il mondo, condividere le difficolt\u00e0 delle persone e servire specialmente coloro che soffrono.<\/p>\n<p>Dopo aver concluso le sue riflessioni su <em>sacrosanctum-concilium<\/em>, Papa Leone XIV ha iniziato nell&#8217;Udienza Generale del 2 settembre 2026 un nuovo documento del Concilio Vaticano II: la costituzione pastorale <em><a href=\"https:\/\/www.vatican.va\/archive\/hist_councils\/ii_vatican_council\/documents\/vat-ii_const_19651207_gaudium-et-spes_sp.html\">Gaudium et spes<\/a><\/em>.<\/p>\n<p>Questo documento affronta una questione fondamentale: la relazione della Chiesa con il mondo contemporaneo.<\/p>\n<p>Detto in modo semplice, la domanda \u00e8 questa: come pu\u00f2 la Chiesa ascoltare, accompagnare e servire le persone in mezzo a tutto ci\u00f2 che accade nel mondo?<\/p>\n<h2>Niente &#8220;profeti di sventura&#8221;<\/h2>\n<p>Il Papa ha ricordato che san Giovanni XXIII aveva gi\u00e0 messo in guardia contro i &#8220;profeti di sventura&#8221;: persone che guardano il presente come se tutto fosse peggio di prima e come se la storia non avesse nulla da insegnarci.<\/p>\n<p>La risposta cristiana non consiste nell&#8217;ignorare i problemi n\u00e9 nel pensare ingenuamente che tutto vada bene. Consiste nel cercare di scoprire come agisce la Provvidenza di Dio anche in mezzo agli eventi avversi.<\/p>\n<p><em>Gaudium et spes<\/em> non propone un ottimismo ingenuo. Propone di guardare la realt\u00e0 dal mistero di Cristo, che ha voluto condividere pienamente la nostra vita.<\/p>\n<p>Cristo si \u00e8 fatto \u00abin tutto simile ai suoi fratelli\u00bb e ha dato la sua vita \u00abcome riscatto per tutti\u00bb. Questa vicinanza di Cristo con l&#8217;umanit\u00e0 \u00e8 anche il cammino che la Chiesa deve percorrere.<\/p>\n<h2>Gioie, speranze, tristezze e angosce<\/h2>\n<p>L&#8217;inizio della <em>Gaudium et spes<\/em> raccoglie una delle espressioni pi\u00f9 note del documento: la Chiesa sente come proprie &#8220;le gioie e le speranze, le tristezze e le angosce degli uomini d&#8217;oggi, specialmente dei poveri e di tutti coloro che soffrono&#8221;.<\/p>\n<p>Ci\u00f2 significa che la Chiesa non pu\u00f2 rimanere indifferente di fronte alla storia e alla vita concreta delle persone.<\/p>\n<p>Non pu\u00f2 contemplare da lontano l&#8217;ingiustizia, la discriminazione o la violenza. \u00c8 chiamata ad ascoltare con il cuore, a lasciarsi interpellare e a coinvolgersi.<\/p>\n<p>I cristiani devono farsi carico delle difficolt\u00e0 dei loro fratelli, specialmente di coloro che si trovano schiacciati dalla sofferenza e dall&#8217;ingiustizia.<\/p>\n<h2>Non basta osservare: bisogna coinvolgersi<\/h2>\n<p>Il Papa ha affermato che non possiamo rimanere spettatori disinteressati di fronte ai rapidi e profondi cambiamenti del nostro tempo.<\/p>\n<p>Ascoltare veramente implica permettere che la realt\u00e0 ci interroghi. Richiede anche di condividere le difficolt\u00e0 degli altri e di lavorare per trovare risposte adeguate.<\/p>\n<p>Questo impegno cristiano \u00e8 sostenuto da una speranza: \u00abLe sofferenze del tempo presente non possono essere paragonate alla gloria futura che si riveler\u00e0 in noi\u00bb.<\/p>\n<p>La speranza cristiana non serve per sfuggire ai problemi. Ci d\u00e0 la forza per affrontarli, accompagnare coloro che soffrono e lavorare per risposte concrete.<\/p>\n<h2>Leggere i segni dei tempi<\/h2>\n<p>La vicinanza alle persone permette di comprendere pi\u00f9 profondamente gli eventi e anche la Rivelazione.<\/p>\n<p>Per questo, <em>Gaudium et spes<\/em> ricorda che la Chiesa ha il dovere permanente di &#8220;esaminare i segni dei tempi e interpretarli alla luce del Vangelo&#8221;.<\/p>\n<p>Non si tratta semplicemente di seguire le mode o accettare tutto ci\u00f2 che accade. Si tratta di ascoltare, discernere e osservare la realt\u00e0 dal Vangelo.<\/p>\n<p>Questo processo richiede anche che la Chiesa stessa sia disposta a convertirsi continuamente.<\/p>\n<p>La Chiesa non \u00e8 mossa da un&#8217;ambizione terrena. La sua missione \u00e8 continuare l&#8217;opera di Cristo: dare testimonianza della verit\u00e0, salvare e non condannare, servire e non essere servita.<\/p>\n<h2>I poveri non sono un tema secondario<\/h2>\n<p>Il Papa ha ripreso un insegnamento di Francesco: per la Chiesa, l&#8217;opzione per i poveri \u00e8 una categoria teologica prima che culturale, sociologica, politica o filosofica.<\/p>\n<p>I cristiani sono chiamati a scoprire Cristo nei poveri, a prestare loro la voce, a farseli amici, ad ascoltarli e a comprenderli.<\/p>\n<p>Questo significa che i poveri non sono unicamente persone da aiutare da lontano. Possono anche comunicarci una saggezza che dobbiamo imparare ad accogliere.<\/p>\n<p>Servirli fa parte del modo in cui la Chiesa vive la sua relazione con Cristo.<\/p>\n<h2>Le contraddizioni del nostro mondo<\/h2>\n<p>Condividere la vita dell&#8217;umanit\u00e0 obbliga anche a riconoscere le contraddizioni del nostro tempo.<\/p>\n<p>Il Papa ha menzionato diversi esempi:<\/p>\n<ul data-spread=\"false\">\n<li>Il progresso scientifico e tecnologico offre nuove possibilit\u00e0, ma non sempre raggiungono tutti n\u00e9 si mettono veramente al servizio dell&#8217;essere umano.<\/li>\n<li>Conosciamo meglio le leggi della vita sociale, ma continuiamo ad avere dubbi sulla direzione che dobbiamo prendere.<\/li>\n<li>Esistono pi\u00f9 ricchezze e possibilit\u00e0 economiche, mentre molte persone continuano a soffrire la fame e la miseria.<\/li>\n<li>Sappiamo che \u00e8 in gioco il futuro del pianeta, ma ci costa rinunciare al consumo egoista.<\/li>\n<li>Desideriamo la pace, ma possiamo ancora cadere nell&#8217;illusione che la guerra sia un mezzo efficace per costruirla.<\/li>\n<\/ul>\n<p>Il progresso, da solo, non risolve tutti i nostri problemi. \u00c8 necessario chiederci al servizio di chi mettiamo le nostre conoscenze, risorse e decisioni.<\/p>\n<h2>Una Chiesa che ascolta e serve<\/h2>\n<p>In mezzo a questi cambiamenti e squilibri, la Chiesa \u00e8 chiamata a servire l&#8217;essere umano.<\/p>\n<p>Per farlo, deve ascoltare e accogliere le domande pi\u00f9 profonde che abitano nel cuore delle persone.<\/p>\n<p>La sua risposta non \u00e8 una teoria lontana dalla vita. La Chiesa indica Cristo come &#8220;la chiave, il centro e il fine di tutta la storia umana&#8221;.<\/p>\n<p>Inoltre, \u00e8 chiamata a seguire il cammino di Cristo, che \u00abspogli\u00f2 se stesso, assumendo la condizione di servo\u00bb e fu obbediente \u00abfino alla morte, e a una morte di croce\u00bb.<\/p>\n<p>La Chiesa serve il mondo quando abbandona l&#8217;indifferenza, si avvicina alle persone e adotta l&#8217;atteggiamento umile e misericordioso di Cristo.<\/p>\n<h2>I saluti finali: gioia, speranza e vicinanza<\/h2>\n<p>Nei saluti ai pellegrini di diverse lingue, il Papa ha insistito sul fatto che la gioia e la speranza devono essere il volto di una Chiesa che annuncia e vive il Vangelo.<\/p>\n<p>Ha anche sottolineato il dialogo e la cooperazione, l&#8217;evangelizzazione, la ricerca della vita vera, la vicinanza pastorale e l&#8217;attenzione alle aspirazioni legittime delle persone.<\/p>\n<p>Ha invitato specialmente ad avvicinarsi ai poveri e a coloro che soffrono, per diventare testimoni del Vangelo pieni di gioia e speranza.<\/p>\n<p>Parlando delle nuove generazioni, ha ricordato la collaborazione tra le famiglie, la scuola e la Chiesa nell&#8217;educazione. Ha anche incoraggiato i gruppi parrocchiali a modellare la loro vita secondo il Vangelo e a seminare l&#8217;amore di Cristo nella societ\u00e0.<\/p>\n<h2>San Gregorio Magno: una grandezza nata dalla fede<\/h2>\n<p>Rivolgendosi ai giovani, ai malati e ai novelli sposi, il Papa ha ricordato che il giorno seguente si sarebbe celebrata la memoria di san Gregorio Magno.<\/p>\n<p>Ha spiegato che fu chiamato &#8220;il grande&#8221; per la sua straordinaria opera come pastore in un momento molto difficile per la societ\u00e0 e per la Chiesa.<\/p>\n<p>Ma la sua grandezza non proveniva dal potere n\u00e9 dal prestigio. Riceveva la sua forza da una fede viva in Cristo.<\/p>\n<p>Il Papa ha invitato a seguire il suo esempio e a rinnovare la fiducia in Dio, fonte di grazia e speranza per il mondo intero.<\/p>\n<h2>L\u2019idea spiegata in modo semplice<\/h2>\n<p>La Chiesa non \u00e8 chiamata a osservare il mondo da una posizione comoda o distante.<\/p>\n<p>\u00c8 chiamata ad ascoltare con il cuore, a lasciarsi interpellare, ad avvicinarsi a coloro che soffrono e a lavorare per risposte concrete.<\/p>\n<p>Questo non significa accettare ingenuamente tutto ci\u00f2 che accade. Significa leggere i segni dei tempi alla luce del Vangelo e mettere le nostre conoscenze, possibilit\u00e0 e risorse al servizio delle persone.<\/p>\n<p>Detto in poche parole: la Chiesa condivide le gioie e le ferite del mondo perch\u00e9 vuole continuare l&#8217;opera di Cristo.<\/p>\n<p>Il suo volto deve essere quello di una Chiesa vicina, umile e serva. Una Chiesa contrassegnata da due parole: gioia e speranza, <em>gaudium et spes<\/em>.<\/p>\n<p><img loading=\"lazy\" decoding=\"async\" class=\"aligncenter wp-image-9622 size-full\" src=\"https:\/\/jarinternacional.org\/wp-content\/uploads\/2026\/09\/WhatsApp-Image-2026-09-02-at-14.38.42-1.jpeg\" alt=\"\" width=\"900\" height=\"1600\" srcset=\"https:\/\/jarinternacional.org\/wp-content\/uploads\/2026\/09\/WhatsApp-Image-2026-09-02-at-14.38.42-1.jpeg 900w, https:\/\/jarinternacional.org\/wp-content\/uploads\/2026\/09\/WhatsApp-Image-2026-09-02-at-14.38.42-1-169x300.jpeg 169w, https:\/\/jarinternacional.org\/wp-content\/uploads\/2026\/09\/WhatsApp-Image-2026-09-02-at-14.38.42-1-576x1024.jpeg 576w, https:\/\/jarinternacional.org\/wp-content\/uploads\/2026\/09\/WhatsApp-Image-2026-09-02-at-14.38.42-1-768x1365.jpeg 768w, https:\/\/jarinternacional.org\/wp-content\/uploads\/2026\/09\/WhatsApp-Image-2026-09-02-at-14.38.42-1-864x1536.jpeg 864w, https:\/\/jarinternacional.org\/wp-content\/uploads\/2026\/09\/WhatsApp-Image-2026-09-02-at-14.38.42-1-370x658.jpeg 370w, https:\/\/jarinternacional.org\/wp-content\/uploads\/2026\/09\/WhatsApp-Image-2026-09-02-at-14.38.42-1-410x729.jpeg 410w\" sizes=\"auto, (max-width: 900px) 100vw, 900px\" \/><\/p>\n","protected":false},"excerpt":{"rendered":"<p>Leone XIV inizia una nuova catechesi su Gaudium et spes e spiega perch\u00e9 la Chiesa deve ascoltare, accompagnare e servire il mondo.<\/p>\n","protected":false},"author":4,"featured_media":9620,"comment_status":"open","ping_status":"open","sticky":false,"template":"","format":"standard","meta":{"_price":"","_stock":"","_tribe_ticket_header":"","_tribe_default_ticket_provider":"","_tribe_ticket_capacity":"","_ticket_start_date":"","_ticket_end_date":"","_tribe_ticket_show_description":"","_tribe_ticket_show_not_going":false,"_tribe_ticket_use_global_stock":"","_tribe_ticket_global_stock_level":"","_global_stock_mode":"","_global_stock_cap":"","_tribe_rsvp_for_event":"","_tribe_ticket_going_count":"","_tribe_ticket_not_going_count":"","_tribe_tickets_list":"[]","_tribe_ticket_has_attendee_info_fields":false,"footnotes":""},"categories":[356],"tags":[518,361,397,520,521,519,396],"class_list":["post-9618","post","type-post","status-publish","format-standard","has-post-thumbnail","hentry","category-ludienza-del-papa-semplificata","tag-chiesa-e-mondo-contemporaneo","tag-concilio-vaticano-ii","tag-leone-xiv","tag-opzione-per-i-poveri","tag-san-gregorio-magno","tag-segni-dei-tempi","tag-udienza-generale-del-papa"],"_links":{"self":[{"href":"https:\/\/jarinternacional.org\/it\/wp-json\/wp\/v2\/posts\/9618","targetHints":{"allow":["GET"]}}],"collection":[{"href":"https:\/\/jarinternacional.org\/it\/wp-json\/wp\/v2\/posts"}],"about":[{"href":"https:\/\/jarinternacional.org\/it\/wp-json\/wp\/v2\/types\/post"}],"author":[{"embeddable":true,"href":"https:\/\/jarinternacional.org\/it\/wp-json\/wp\/v2\/users\/4"}],"replies":[{"embeddable":true,"href":"https:\/\/jarinternacional.org\/it\/wp-json\/wp\/v2\/comments?post=9618"}],"version-history":[{"count":1,"href":"https:\/\/jarinternacional.org\/it\/wp-json\/wp\/v2\/posts\/9618\/revisions"}],"predecessor-version":[{"id":9635,"href":"https:\/\/jarinternacional.org\/it\/wp-json\/wp\/v2\/posts\/9618\/revisions\/9635"}],"wp:featuredmedia":[{"embeddable":true,"href":"https:\/\/jarinternacional.org\/it\/wp-json\/wp\/v2\/media\/9620"}],"wp:attachment":[{"href":"https:\/\/jarinternacional.org\/it\/wp-json\/wp\/v2\/media?parent=9618"}],"wp:term":[{"taxonomy":"category","embeddable":true,"href":"https:\/\/jarinternacional.org\/it\/wp-json\/wp\/v2\/categories?post=9618"},{"taxonomy":"post_tag","embeddable":true,"href":"https:\/\/jarinternacional.org\/it\/wp-json\/wp\/v2\/tags?post=9618"}],"curies":[{"name":"wp","href":"https:\/\/api.w.org\/{rel}","templated":true}]}}