{"id":9584,"date":"2026-08-31T11:02:36","date_gmt":"2026-08-31T11:02:36","guid":{"rendered":"https:\/\/jarinternacional.org\/farmar-aura-estar-ali-entre-uma-batalha-e-outra\/"},"modified":"2026-08-31T12:05:06","modified_gmt":"2026-08-31T12:05:06","slug":"farmar-aura-estar-ali-entre-uma-batalha-e-outra","status":"publish","type":"post","link":"https:\/\/jarinternacional.org\/pt-br\/farmar-aura-estar-ali-entre-uma-batalha-e-outra\/","title":{"rendered":"Farmar aura: estar ali entre uma batalha e outra"},"content":{"rendered":"\t\t<div data-elementor-type=\"wp-post\" data-elementor-id=\"9584\" class=\"elementor elementor-9584 elementor-9550\" data-elementor-post-type=\"post\">\n\t\t\t\t<div class=\"elementor-element elementor-element-8878520 e-flex e-con-boxed sc_layouts_column_icons_position_left e-con e-parent\" data-id=\"8878520\" data-element_type=\"container\" data-e-type=\"container\">\n\t\t\t\t\t<div class=\"e-con-inner\">\n\t\t\t\t<div class=\"elementor-element elementor-element-1b95e1e sc_fly_static elementor-widget elementor-widget-text-editor\" data-id=\"1b95e1e\" data-element_type=\"widget\" data-e-type=\"widget\" data-widget_type=\"text-editor.default\">\n\t\t\t\t<div class=\"elementor-widget-container\">\n\t\t\t\t\t\t\t\t\t<p data-pm-slice=\"1 1 []\"><em>Frei Alfonso D\u00e1vila compartilha conosco um olhar pastoral sobre a necessidade de ser visto, deixar marca e encontrar uma batalha maior. A batalha que os nossos jovens est\u00e3o travando neste momento. <\/em><\/p>\t\t\t\t\t\t\t\t<\/div>\n\t\t\t\t<\/div>\n\t\t\t\t<div class=\"elementor-element elementor-element-f43eafd elementor-alert-warning sc_fly_static elementor-widget elementor-widget-alert\" data-id=\"f43eafd\" data-element_type=\"widget\" data-e-type=\"widget\" data-widget_type=\"alert.default\">\n\t\t\t\t<div class=\"elementor-widget-container\">\n\t\t\t\t\t\t\t<div class=\"elementor-alert\" role=\"alert\">\n\n\t\t\t\t\t\t<span class=\"elementor-alert-title\">Partamos de uma premissa<\/span>\n\t\t\t\n\t\t\t\t\t\t<span class=\"elementor-alert-description\">Talvez a gente n\u00e3o precise aprender a farmar aura. Talvez a gente precise aprender a estar: olhar sem zombar, perguntar sem invadir e acompanhar sem ocupar o lugar deles. <\/span>\n\t\t\t\n\t\t\t\n\t\t<\/div>\n\t\t\t\t\t\t<\/div>\n\t\t\t\t<\/div>\n\t\t\t\t<div class=\"elementor-element elementor-element-b3d105a sc_fly_static elementor-widget elementor-widget-text-editor\" data-id=\"b3d105a\" data-element_type=\"widget\" data-e-type=\"widget\" data-widget_type=\"text-editor.default\">\n\t\t\t\t<div class=\"elementor-widget-container\">\n\t\t\t\t\t\t\t\t\t<p data-pm-slice=\"1 1 []\">H\u00e1 v\u00e1rios dias venho me perguntando o que significa de verdade isso de <em>farmar aura<\/em>. Nas redes sociais aparecem v\u00eddeos de jovens que se desafiam com poses, dan\u00e7as, gestos aprendidos no TikTok e refer\u00eancias que, confesso, muitas vezes me escapam. At\u00e9 a\u00ed eu podia pensar que era mais uma dessas modas que passam pela tela e desaparecem ao deslizar o dedo.  <\/p><p>Mas, outro dia, passeando perto de casa, a tela virou pra\u00e7a. Na emblem\u00e1tica pra\u00e7a Pablo Ruiz Picasso, aos p\u00e9s da Torre Picasso de Madri, vi chegar grupos e mais grupos de jovens para se reunir. N\u00e3o me pe\u00e7am um n\u00famero exato, porque sou ruim com n\u00fameros, mas eram centenas, como tamb\u00e9m <a href=\"https:\/\/www.elmundo.es\/madrid\/2026\/08\/30\/6a92b042e9cf4a920a8b458a.html\">registraram os meios de comunica\u00e7\u00e3o<\/a>. De repente, aquilo que eu vinha observando de longe havia dias estava ali: ocupando o espa\u00e7o p\u00fablico, fazendo barulho, rindo e buscando ser visto.   <\/p><p>A maioria teria entre quatorze e vinte anos. Nessa faixa convivem os \u00faltimos membros da gera\u00e7\u00e3o Z e os primeiros da gera\u00e7\u00e3o Alfa; as fronteiras geracionais nunca s\u00e3o exatas. Mas eles compartilham algo decisivo: h\u00e1 seis anos, durante a pandemia, atravessaram uma parte importante da inf\u00e2ncia ou adolesc\u00eancia trancados, se relacionando por telas e vendo como a incerteza entrava em suas casas. S\u00e3o os jovens que hoje encontramos \u2014 ou \u00e0s vezes n\u00e3o encontramos \u2014 nos nossos contextos paroquiais.   <\/p>\t\t\t\t\t\t\t\t<\/div>\n\t\t\t\t<\/div>\n\t\t\t\t\t<\/div>\n\t\t\t\t<\/div>\n\t\t<div class=\"elementor-element elementor-element-b3ee296 e-flex e-con-boxed sc_layouts_column_icons_position_left e-con e-parent\" data-id=\"b3ee296\" data-element_type=\"container\" data-e-type=\"container\">\n\t\t\t\t\t<div class=\"e-con-inner\">\n\t\t<div class=\"elementor-element elementor-element-4ed89e7 e-con-full e-flex sc_layouts_column_icons_position_left e-con e-child\" data-id=\"4ed89e7\" data-element_type=\"container\" data-e-type=\"container\">\n\t\t\t\t<div class=\"elementor-element elementor-element-b9aa2e4 sc_fly_static elementor-widget elementor-widget-text-editor\" data-id=\"b9aa2e4\" data-element_type=\"widget\" data-e-type=\"widget\" data-widget_type=\"text-editor.default\">\n\t\t\t\t<div class=\"elementor-widget-container\">\n\t\t\t\t\t\t\t\t\t<h2 data-pm-slice=\"1 1 []\">O que significa farmar aura?<\/h2><p>\u201cFarmar\u201d vem da linguagem dos videogames: repetir determinadas a\u00e7\u00f5es para acumular recursos, experi\u00eancia ou itens e, assim, fortalecer o personagem. \u201cAura\u201d, nessa g\u00edria, n\u00e3o tem um sentido m\u00edstico. \u00c9 presen\u00e7a, estilo, seguran\u00e7a, esse magnetismo que faz algu\u00e9m parecer especial sem que o esfor\u00e7o apare\u00e7a demais. Farmar aura seria, portanto, acumular gestos capazes de aumentar o pr\u00f3prio carisma diante dos outros.   <\/p><p>A express\u00e3o come\u00e7ou a circular no TikTok em 2024. Um dos primeiros usos documentados apareceu em 28 de janeiro daquele ano, quando um usu\u00e1rio publicou um v\u00eddeo de um passeio com amigos acompanhado da express\u00e3o <em>aura farming<\/em>. Depois, foi ganhando for\u00e7a em comunidades ligadas a videogames, anime e memes.  <\/p><p>No entanto, a express\u00e3o encontrou uma imagem mundialmente reconhec\u00edvel no ano seguinte. Rayyan Arkan Dikha, um menino indon\u00e9sio de onze anos, apareceu dan\u00e7ando de \u00f3culos escuros na proa de uma longa embarca\u00e7\u00e3o durante o Pacu Jalur, uma corrida tradicional da prov\u00edncia de Riau. Seus movimentos pareciam espont\u00e2neos e tranquilos enquanto dezenas de remadores impulsionavam a canoa.  <\/p><p>A internet viu nele a defini\u00e7\u00e3o perfeita de \u201caura\u201d: seguran\u00e7a sem esfor\u00e7o aparente. O v\u00eddeo acabou transformando-o em embaixador tur\u00edstico de Riau. A hist\u00f3ria tem algo bonito: por tr\u00e1s do meme n\u00e3o havia um gesto fabricado em est\u00fadio, mas uma tradi\u00e7\u00e3o comunit\u00e1ria, uma tarefa dif\u00edcil e um menino que tinha aprendido sozinho a manter o equil\u00edbrio.  <\/p>\t\t\t\t\t\t\t\t<\/div>\n\t\t\t\t<\/div>\n\t\t\t\t<\/div>\n\t\t<div class=\"elementor-element elementor-element-8949a33 e-con-full e-flex sc_layouts_column_icons_position_left e-con e-child\" data-id=\"8949a33\" data-element_type=\"container\" data-e-type=\"container\">\n\t\t\t\t<div class=\"elementor-element elementor-element-1c3f530 sc_fly_static elementor-widget elementor-widget-image\" data-id=\"1c3f530\" data-element_type=\"widget\" data-e-type=\"widget\" data-widget_type=\"image.default\">\n\t\t\t\t<div class=\"elementor-widget-container\">\n\t\t\t\t\t\t\t\t\t\t\t\t\t\t\t<img loading=\"lazy\" decoding=\"async\" width=\"655\" height=\"1024\" src=\"https:\/\/jarinternacional.org\/wp-content\/uploads\/2026\/08\/exec-31a642f7-c891-49d2-bc77-10d286ac71cb-655x1024.png\" class=\"attachment-large size-large wp-image-9586\" alt=\"\" srcset=\"https:\/\/jarinternacional.org\/wp-content\/uploads\/2026\/08\/exec-31a642f7-c891-49d2-bc77-10d286ac71cb-655x1024.png 655w, https:\/\/jarinternacional.org\/wp-content\/uploads\/2026\/08\/exec-31a642f7-c891-49d2-bc77-10d286ac71cb-192x300.png 192w, https:\/\/jarinternacional.org\/wp-content\/uploads\/2026\/08\/exec-31a642f7-c891-49d2-bc77-10d286ac71cb-768x1201.png 768w, https:\/\/jarinternacional.org\/wp-content\/uploads\/2026\/08\/exec-31a642f7-c891-49d2-bc77-10d286ac71cb-983x1536.png 983w, https:\/\/jarinternacional.org\/wp-content\/uploads\/2026\/08\/exec-31a642f7-c891-49d2-bc77-10d286ac71cb-370x578.png 370w, https:\/\/jarinternacional.org\/wp-content\/uploads\/2026\/08\/exec-31a642f7-c891-49d2-bc77-10d286ac71cb-924x1444.png 924w, https:\/\/jarinternacional.org\/wp-content\/uploads\/2026\/08\/exec-31a642f7-c891-49d2-bc77-10d286ac71cb-410x641.png 410w, https:\/\/jarinternacional.org\/wp-content\/uploads\/2026\/08\/exec-31a642f7-c891-49d2-bc77-10d286ac71cb.png 1003w\" sizes=\"auto, (max-width: 767px) 100vw, 655px\" \/>\t\t\t\t\t\t\t\t\t\t\t\t\t\t\t<\/div>\n\t\t\t\t<\/div>\n\t\t\t\t<\/div>\n\t\t<div class=\"elementor-element elementor-element-f8fea83 e-con-full e-flex sc_layouts_column_icons_position_left e-con e-child\" data-id=\"f8fea83\" data-element_type=\"container\" data-e-type=\"container\">\n\t\t\t\t<div class=\"elementor-element elementor-element-93d9bdf elementor-blockquote--skin-boxed sc_fly_static elementor-widget elementor-widget-blockquote\" data-id=\"93d9bdf\" data-element_type=\"widget\" data-e-type=\"widget\" data-widget_type=\"blockquote.default\">\n\t\t\t\t<div class=\"elementor-widget-container\">\n\t\t\t\t\t\t\t<blockquote class=\"elementor-blockquote\">\n\t\t\t<p class=\"elementor-blockquote__content\">\n\t\t\t\tH\u00e1, al\u00e9m disso, algo valioso que conv\u00e9m n\u00e3o perder de vista: esses jovens sa\u00edram da tela. Eles se encontram cara a cara, ocupam uma pra\u00e7a, reconhecem c\u00f3digos em comum, vencem por um momento o medo do rid\u00edculo e constroem pertencimento. \t\t\t<\/p>\n\t\t\t\t\t<\/blockquote>\n\t\t\t\t\t\t<\/div>\n\t\t\t\t<\/div>\n\t\t\t\t<div class=\"elementor-element elementor-element-0465d8c sc_fly_static elementor-widget elementor-widget-image\" data-id=\"0465d8c\" data-element_type=\"widget\" data-e-type=\"widget\" data-widget_type=\"image.default\">\n\t\t\t\t<div class=\"elementor-widget-container\">\n\t\t\t\t\t\t\t\t\t\t\t\t\t\t\t<img loading=\"lazy\" decoding=\"async\" width=\"819\" height=\"1024\" src=\"https:\/\/jarinternacional.org\/wp-content\/uploads\/2026\/08\/exec-5447725d-add0-45a1-bcec-92fab9a4d7d1-819x1024.png\" class=\"attachment-large size-large wp-image-9587\" alt=\"\" srcset=\"https:\/\/jarinternacional.org\/wp-content\/uploads\/2026\/08\/exec-5447725d-add0-45a1-bcec-92fab9a4d7d1-819x1024.png 819w, https:\/\/jarinternacional.org\/wp-content\/uploads\/2026\/08\/exec-5447725d-add0-45a1-bcec-92fab9a4d7d1-240x300.png 240w, https:\/\/jarinternacional.org\/wp-content\/uploads\/2026\/08\/exec-5447725d-add0-45a1-bcec-92fab9a4d7d1-768x960.png 768w, https:\/\/jarinternacional.org\/wp-content\/uploads\/2026\/08\/exec-5447725d-add0-45a1-bcec-92fab9a4d7d1-370x462.png 370w, https:\/\/jarinternacional.org\/wp-content\/uploads\/2026\/08\/exec-5447725d-add0-45a1-bcec-92fab9a4d7d1-924x1155.png 924w, https:\/\/jarinternacional.org\/wp-content\/uploads\/2026\/08\/exec-5447725d-add0-45a1-bcec-92fab9a4d7d1-410x512.png 410w, https:\/\/jarinternacional.org\/wp-content\/uploads\/2026\/08\/exec-5447725d-add0-45a1-bcec-92fab9a4d7d1.png 1122w\" sizes=\"auto, (max-width: 819px) 100vw, 819px\" \/>\t\t\t\t\t\t\t\t\t\t\t\t\t\t\t<\/div>\n\t\t\t\t<\/div>\n\t\t\t\t<\/div>\n\t\t<div class=\"elementor-element elementor-element-d76b6cc e-con-full e-flex sc_layouts_column_icons_position_left e-con e-child\" data-id=\"d76b6cc\" data-element_type=\"container\" data-e-type=\"container\">\n\t\t\t\t<div class=\"elementor-element elementor-element-072c5a5 sc_fly_static elementor-widget elementor-widget-text-editor\" data-id=\"072c5a5\" data-element_type=\"widget\" data-e-type=\"widget\" data-widget_type=\"text-editor.default\">\n\t\t\t\t<div class=\"elementor-widget-container\">\n\t\t\t\t\t\t\t\t\t<p>As chamadas batalhas de aura levam o meme para a rua. Dois participantes respondem um ao outro com movimentos, poses, piruetas ou refer\u00eancias a videogames e anime, e o p\u00fablico decide, com seus gritos, quem conseguiu se impor. N\u00e3o h\u00e1 um placar real, embora a internet brinque de somar e subtrair milhares de pontos imagin\u00e1rios. A regra mais curiosa \u00e9 tamb\u00e9m a mais reveladora: se fica muito evidente que voc\u00ea est\u00e1 tentando ter aura, voc\u00ea a perde.   <\/p><p>As regras n\u00e3o escritas s\u00e3o f\u00e1ceis de reconhecer. Manter a calma, improvisar com criatividade, ajudar sem se exibir, mostrar habilidade sem arrog\u00e2ncia ou conservar um estilo pr\u00f3prio \u201csoma aura\u201d. Perder a compostura, copiar outro ou se esfor\u00e7ar visivelmente para parecer interessante subtrai. At\u00e9 as quedas e os momentos constrangedores s\u00e3o pontuados em tom de brincadeira.   <\/p><p>N\u00e3o existe uma contabilidade real; \u00e9 um jeito l\u00fadico de falar da impress\u00e3o que deixamos nos outros. Mas o vocabul\u00e1rio importa, porque revela quais qualidades eles admiram e o que temem: a autenticidade, a seguran\u00e7a, o olhar do grupo e, sobretudo, o medo de pagar <em>mico<\/em> diante de todo mundo. <\/p><p>A gente pode olhar para tudo isso com superioridade e concluir que \u00e9 uma bobagem. Seria f\u00e1cil, mas tamb\u00e9m injusto. N\u00f3s tamb\u00e9m fomos jovens e tivemos c\u00f3digos que os mais velhos n\u00e3o entendiam. Alguns de n\u00f3s fomos emos, outros rappers, g\u00f3ticos, <em>skaters<\/em> ou qualquer outra coisa que, naquela \u00e9poca, parecia important\u00edssima. A diferen\u00e7a \u00e9 que n\u00e3o carreg\u00e1vamos uma c\u00e2mera permanente no bolso nem existia uma rede capaz de guardar para sempre cada momento rid\u00edculo.    <\/p><p>H\u00e1, al\u00e9m disso, algo valioso que conv\u00e9m n\u00e3o perder de vista: esses jovens sa\u00edram da tela. Eles se encontram cara a cara, ocupam uma pra\u00e7a, reconhecem c\u00f3digos em comum, vencem por um momento o medo do rid\u00edculo e constroem pertencimento. Os organizadores de alguns encontros explicam isso como \u201c<a href=\"https:\/\/www.elespanol.com\/reportajes\/20260829\/reune-jovenes-farmear-aura-calle-no-sabe-organiza-vamos-vemos-redes\/1003744364716_0.amp.html\">um s\u00edmbolo de conex\u00e3o entre n\u00f3s<\/a>\u201d.  <\/p><p>Numa gera\u00e7\u00e3o \u00e0 qual tantas vezes reprochamos viver isolada, talvez dev\u00eassemos come\u00e7ar celebrando que ela se re\u00fana. Antes de nos perguntarmos o que h\u00e1 de errado, dever\u00edamos perguntar a eles o que encontram ali que n\u00e3o est\u00e3o encontrando em outros lugares \u2014 talvez nem nas nossas comunidades. <\/p>\t\t\t\t\t\t\t\t<\/div>\n\t\t\t\t<\/div>\n\t\t\t\t<\/div>\n\t\t\t\t\t<\/div>\n\t\t\t\t<\/div>\n\t\t<div class=\"elementor-element elementor-element-02430a7 e-flex e-con-boxed sc_layouts_column_icons_position_left e-con e-parent\" data-id=\"02430a7\" data-element_type=\"container\" data-e-type=\"container\">\n\t\t\t\t\t<div class=\"e-con-inner\">\n\t\t\t\t<div class=\"elementor-element elementor-element-c6e8038 sc_fly_static elementor-widget elementor-widget-text-editor\" data-id=\"c6e8038\" data-element_type=\"widget\" data-e-type=\"widget\" data-widget_type=\"text-editor.default\">\n\t\t\t\t<div class=\"elementor-widget-container\">\n\t\t\t\t\t\t\t\t\t<h2 data-pm-slice=\"1 1 []\">Quando o jogo vira trabalho<\/h2><p>Compreender n\u00e3o significa abrir m\u00e3o de pensar. Farmar aura reflete uma tenta\u00e7\u00e3o muito presente na nossa \u00e9poca: transformar a vida inteira num placar de pontua\u00e7\u00f5es. Byung-Chul Han apontou como at\u00e9 o lazer pode ficar preso \u00e0 l\u00f3gica do desempenho. Descansar, jogar, praticar esporte, viajar ou nos mostrar nas redes deixam de ser atividades que valem por si mesmas e viram tarefas para melhorar nossa vers\u00e3o p\u00fablica.   <\/p><p>O fil\u00f3sofo C. Thi Nguyen chama de \u201ccaptura de valores\u201d o processo pelo qual uma m\u00e9trica simples acaba substituindo aquilo que pretendia representar. Nossos valores come\u00e7am sendo ricos e sutis; depois encontramos uma vers\u00e3o simplificada e quantific\u00e1vel, e essa vers\u00e3o acaba ocupando o lugar deles. <\/p><p>Come\u00e7amos a caminhar por sa\u00fade e terminamos caminhando para fechar os an\u00e9is do rel\u00f3gio. Entramos numa rede para nos comunicar e acabamos escrevendo para maximizar rea\u00e7\u00f5es. Do mesmo modo, podemos buscar amizade, beleza ou reconhecimento e terminar perseguindo apenas pontos de aura.  <\/p><p data-pm-slice=\"1 1 []\">O problema n\u00e3o \u00e9 brincar de pontuar uma pose. O jogo sabe que seus pontos s\u00e3o provis\u00f3rios e pode nos ensinar criatividade, disciplina e humor. O risco aparece quando esquecemos que o placar era uma met\u00e1fora.  <\/p><p>O carisma, a amizade ou a beleza s\u00e3o realidades complexas, abertas e mut\u00e1veis. Se as reduzimos a seguidores, aplausos ou aura, corremos o risco de viver para melhorar o resultado e esquecer a pergunta de fundo: que vida realmente merece ser vivida? <\/p><p>N\u00e3o \u00e9 uma acusa\u00e7\u00e3o contra os jovens. Os adultos fazem exatamente o mesmo quando medem seu valor pela produtividade, pelo sal\u00e1rio, pelos quil\u00f4metros percorridos, pelos livros lidos ou pela repercuss\u00e3o de uma homilia. Eles n\u00e3o inventaram a sociedade do desempenho; aprenderam a falar a l\u00edngua dela com uma criatividade que nos soa estranha. Se queremos acompanh\u00e1-los, a primeira convers\u00e3o talvez seja a nossa.   <\/p>\t\t\t\t\t\t\t\t<\/div>\n\t\t\t\t<\/div>\n\t\t\t\t\t<\/div>\n\t\t\t\t<\/div>\n\t\t<div class=\"elementor-element elementor-element-90156ea e-flex e-con-boxed sc_layouts_column_icons_position_left e-con e-parent\" data-id=\"90156ea\" data-element_type=\"container\" data-e-type=\"container\">\n\t\t\t\t\t<div class=\"e-con-inner\">\n\t\t<div class=\"elementor-element elementor-element-05a336a e-con-full e-flex sc_layouts_column_icons_position_left e-con e-child\" data-id=\"05a336a\" data-element_type=\"container\" data-e-type=\"container\">\n\t\t\t\t<div class=\"elementor-element elementor-element-4b4b5df sc_fly_static elementor-widget elementor-widget-image\" data-id=\"4b4b5df\" data-element_type=\"widget\" data-e-type=\"widget\" data-widget_type=\"image.default\">\n\t\t\t\t<div class=\"elementor-widget-container\">\n\t\t\t\t\t\t\t\t\t\t\t\t\t\t\t<img loading=\"lazy\" decoding=\"async\" width=\"1024\" height=\"576\" src=\"https:\/\/jarinternacional.org\/wp-content\/uploads\/2026\/08\/exec-8ae9c37d-a6a7-4f43-b969-eeb944d6404d-1024x576.png\" class=\"attachment-large size-large wp-image-9588\" alt=\"\" srcset=\"https:\/\/jarinternacional.org\/wp-content\/uploads\/2026\/08\/exec-8ae9c37d-a6a7-4f43-b969-eeb944d6404d-1024x576.png 1024w, https:\/\/jarinternacional.org\/wp-content\/uploads\/2026\/08\/exec-8ae9c37d-a6a7-4f43-b969-eeb944d6404d-300x169.png 300w, https:\/\/jarinternacional.org\/wp-content\/uploads\/2026\/08\/exec-8ae9c37d-a6a7-4f43-b969-eeb944d6404d-768x432.png 768w, https:\/\/jarinternacional.org\/wp-content\/uploads\/2026\/08\/exec-8ae9c37d-a6a7-4f43-b969-eeb944d6404d-1536x864.png 1536w, https:\/\/jarinternacional.org\/wp-content\/uploads\/2026\/08\/exec-8ae9c37d-a6a7-4f43-b969-eeb944d6404d-370x208.png 370w, https:\/\/jarinternacional.org\/wp-content\/uploads\/2026\/08\/exec-8ae9c37d-a6a7-4f43-b969-eeb944d6404d-1290x725.png 1290w, https:\/\/jarinternacional.org\/wp-content\/uploads\/2026\/08\/exec-8ae9c37d-a6a7-4f43-b969-eeb944d6404d-924x520.png 924w, https:\/\/jarinternacional.org\/wp-content\/uploads\/2026\/08\/exec-8ae9c37d-a6a7-4f43-b969-eeb944d6404d-410x231.png 410w, https:\/\/jarinternacional.org\/wp-content\/uploads\/2026\/08\/exec-8ae9c37d-a6a7-4f43-b969-eeb944d6404d.png 1672w\" sizes=\"auto, (max-width: 1024px) 100vw, 1024px\" \/>\t\t\t\t\t\t\t\t\t\t\t\t\t\t\t<\/div>\n\t\t\t\t<\/div>\n\t\t\t\t<div class=\"elementor-element elementor-element-49ef80b elementor-blockquote--skin-boxed sc_fly_static elementor-widget elementor-widget-blockquote\" data-id=\"49ef80b\" data-element_type=\"widget\" data-e-type=\"widget\" data-widget_type=\"blockquote.default\">\n\t\t\t\t<div class=\"elementor-widget-container\">\n\t\t\t\t\t\t\t<blockquote class=\"elementor-blockquote\">\n\t\t\t<p class=\"elementor-blockquote__content\">\n\t\t\t\tN\u00e3o \u00e9 algo que est\u00e1 em mim, mas entre n\u00f3s\t\t\t<\/p>\n\t\t\t\t\t\t\t<div class=\"e-q-footer\">\n\t\t\t\t\t\t\t\t\t\t\t<cite class=\"elementor-blockquote__author\">Harmunt Rosa<\/cite>\n\t\t\t\t\t\t\t\t\t\t\t\t\t\t<\/div>\n\t\t\t\t\t<\/blockquote>\n\t\t\t\t\t\t<\/div>\n\t\t\t\t<\/div>\n\t\t\t\t<div class=\"elementor-element elementor-element-eea36e6 sc_fly_static elementor-widget elementor-widget-image\" data-id=\"eea36e6\" data-element_type=\"widget\" data-e-type=\"widget\" data-widget_type=\"image.default\">\n\t\t\t\t<div class=\"elementor-widget-container\">\n\t\t\t\t\t\t\t\t\t\t\t\t\t\t\t<img loading=\"lazy\" decoding=\"async\" width=\"1024\" height=\"576\" src=\"https:\/\/jarinternacional.org\/wp-content\/uploads\/2026\/08\/exec-c3445b70-a9b8-4ff2-9e33-1862c85fd948-1024x576.png\" class=\"attachment-large size-large wp-image-9589\" alt=\"\" srcset=\"https:\/\/jarinternacional.org\/wp-content\/uploads\/2026\/08\/exec-c3445b70-a9b8-4ff2-9e33-1862c85fd948-1024x576.png 1024w, https:\/\/jarinternacional.org\/wp-content\/uploads\/2026\/08\/exec-c3445b70-a9b8-4ff2-9e33-1862c85fd948-300x169.png 300w, https:\/\/jarinternacional.org\/wp-content\/uploads\/2026\/08\/exec-c3445b70-a9b8-4ff2-9e33-1862c85fd948-768x432.png 768w, https:\/\/jarinternacional.org\/wp-content\/uploads\/2026\/08\/exec-c3445b70-a9b8-4ff2-9e33-1862c85fd948-1536x864.png 1536w, https:\/\/jarinternacional.org\/wp-content\/uploads\/2026\/08\/exec-c3445b70-a9b8-4ff2-9e33-1862c85fd948-370x208.png 370w, https:\/\/jarinternacional.org\/wp-content\/uploads\/2026\/08\/exec-c3445b70-a9b8-4ff2-9e33-1862c85fd948-1290x725.png 1290w, https:\/\/jarinternacional.org\/wp-content\/uploads\/2026\/08\/exec-c3445b70-a9b8-4ff2-9e33-1862c85fd948-924x520.png 924w, https:\/\/jarinternacional.org\/wp-content\/uploads\/2026\/08\/exec-c3445b70-a9b8-4ff2-9e33-1862c85fd948-410x231.png 410w, https:\/\/jarinternacional.org\/wp-content\/uploads\/2026\/08\/exec-c3445b70-a9b8-4ff2-9e33-1862c85fd948.png 1672w\" sizes=\"auto, (max-width: 1024px) 100vw, 1024px\" \/>\t\t\t\t\t\t\t\t\t\t\t\t\t\t\t<\/div>\n\t\t\t\t<\/div>\n\t\t\t\t<div class=\"elementor-element elementor-element-e853049 elementor-blockquote--skin-boxed sc_fly_static elementor-widget elementor-widget-blockquote\" data-id=\"e853049\" data-element_type=\"widget\" data-e-type=\"widget\" data-widget_type=\"blockquote.default\">\n\t\t\t\t<div class=\"elementor-widget-container\">\n\t\t\t\t\t\t\t<blockquote class=\"elementor-blockquote\">\n\t\t\t<p class=\"elementor-blockquote__content\">\n\t\t\t\tTalvez salvar o que \u00e9 belo, tamb\u00e9m nos nossos jovens, consista em abrir espa\u00e7os onde eles n\u00e3o precisem ser impec\u00e1veis nem interessantes o tempo todo. \t\t\t<\/p>\n\t\t\t\t\t<\/blockquote>\n\t\t\t\t\t\t<\/div>\n\t\t\t\t<\/div>\n\t\t\t\t<\/div>\n\t\t<div class=\"elementor-element elementor-element-48c0780 e-con-full e-flex sc_layouts_column_icons_position_left e-con e-child\" data-id=\"48c0780\" data-element_type=\"container\" data-e-type=\"container\">\n\t\t\t\t<div class=\"elementor-element elementor-element-5f7e0c6 sc_fly_static elementor-widget elementor-widget-text-editor\" data-id=\"5f7e0c6\" data-element_type=\"widget\" data-e-type=\"widget\" data-widget_type=\"text-editor.default\">\n\t\t\t\t<div class=\"elementor-widget-container\">\n\t\t\t\t\t\t\t\t\t<h2 data-pm-slice=\"1 1 []\">Salvar o que \u00e9 belo: deixar espa\u00e7o para o mist\u00e9rio<\/h2><p>Em <em>A salva\u00e7\u00e3o do belo<\/em>, Han descreve a est\u00e9tica contempor\u00e2nea como uma beleza lisa: polida, imediatamente agrad\u00e1vel e pronta para receber um \u201ccurtir\u201d. Ele formula isso com uma frase breve e dura: \u201cO belo se esgota no \u2018curtir\u2019\u201d. <\/p><p>\u00c9 uma beleza sem resist\u00eancia, que se entrega inteira ao olhar. Mas o que \u00e9 verdadeiramente belo n\u00e3o termina num \u201cuau\u201d. Conserva uma dist\u00e2ncia, uma ferida, uma fragilidade; n\u00e3o apenas agrada, tamb\u00e9m nos inquieta e pode nos transformar.  <\/p><p>Por isso, Han afirma tamb\u00e9m que \u201ca beleza transparente \u00e9 um ox\u00edmoro\u201d. O belo precisa de um v\u00e9u: algo que n\u00e3o se exibe por completo, que pede tempo, contempla\u00e7\u00e3o e respeito. <\/p><p>Aplicado \u00e0 aura, isso significa que uma pessoa n\u00e3o \u00e9 mais aut\u00eantica porque mostra tudo. Ter interioridade sup\u00f5e guardar um espa\u00e7o que n\u00e3o pertence ao p\u00fablico, ao grupo nem ao algoritmo. Um acompanhante pode ajudar a proteger esse espa\u00e7o sem transform\u00e1-lo num segredo vergonhoso: ensinar que nem todo momento precisa ser gravado e que h\u00e1 experi\u00eancias que crescem justamente porque n\u00e3o s\u00e3o publicadas.  <\/p><p>Aqui aparece o paradoxo da aura. O carisma aut\u00eantico n\u00e3o se fabrica por completo. Ele nasce no encontro, na hist\u00f3ria de uma pessoa, no jeito de escutar, na vulnerabilidade que n\u00e3o precisa se exibir e no bem que se faz quando ningu\u00e9m est\u00e1 gravando.  <\/p><p>Hartmut Rosa diria que isso pertence ao campo da resson\u00e2ncia: algo nos toca, respondemos e sa\u00edmos transformados, mas n\u00e3o d\u00e1 para programar nem garantir. \u201cN\u00e3o \u00e9 algo que est\u00e1 em mim, mas entre n\u00f3s\u201d, explica Rosa. A aura que importa n\u00e3o seria uma propriedade que eu possuo, mas uma rela\u00e7\u00e3o que acontece. Tentar tornar essa experi\u00eancia totalmente dispon\u00edvel acaba por apag\u00e1-la.   <\/p><p>Talvez salvar o que \u00e9 belo, tamb\u00e9m nos nossos jovens, consista em abrir espa\u00e7os onde eles n\u00e3o precisem ser impec\u00e1veis nem interessantes o tempo todo. Espa\u00e7os sem pontua\u00e7\u00e3o, onde possam se entediar, errar, guardar sil\u00eancio, contar uma ferida ou descobrir uma pergunta. Lugares onde algu\u00e9m os olhe n\u00e3o porque conquistaram o p\u00fablico, mas porque a vida deles j\u00e1 \u00e9 valiosa.  <\/p><p>A comunidade crist\u00e3 deveria poder oferecer exatamente isso: um olhar que n\u00e3o consome e uma presen\u00e7a que n\u00e3o exige espet\u00e1culo.<\/p>\t\t\t\t\t\t\t\t<\/div>\n\t\t\t\t<\/div>\n\t\t\t\t<\/div>\n\t\t\t\t\t<\/div>\n\t\t\t\t<\/div>\n\t\t<div class=\"elementor-element elementor-element-bc705fe e-flex e-con-boxed sc_layouts_column_icons_position_left e-con e-parent\" data-id=\"bc705fe\" data-element_type=\"container\" data-e-type=\"container\">\n\t\t\t\t\t<div class=\"e-con-inner\">\n\t\t\t\t<div class=\"elementor-element elementor-element-931420e sc_fly_static elementor-widget elementor-widget-text-editor\" data-id=\"931420e\" data-element_type=\"widget\" data-e-type=\"widget\" data-widget_type=\"text-editor.default\">\n\t\t\t\t<div class=\"elementor-widget-container\">\n\t\t\t\t\t\t\t\t\t<h2 data-pm-slice=\"1 1 []\">Acompanhar entre as batalhas<\/h2><p>O cardeal Fernando Chomali pegou essa express\u00e3o juvenil para propor outra dire\u00e7\u00e3o: \u201c<a href=\"https:\/\/www.religiondigital.org\/america\/cardenal-chomali-invita-jovenes-farmear-aura-servicio_1_1464655.html\">a melhor maneira de farmar aura \u00e9 encarar a vida com esperan\u00e7a e alegria<\/a>\u201d. Depois, ele convida a estudar, a preparar o corpo e a alma e a colocar as pr\u00f3prias capacidades a servi\u00e7o dos outros. <\/p><p>Gosto da intui\u00e7\u00e3o, desde que n\u00e3o seja apenas para nos apropriarmos da linguagem deles e soltar um serm\u00e3o. O Evangelho n\u00e3o precisa se fantasiar de meme; precisa fazer companhia. <\/p><p>Acompanhar ser\u00e1 nos aproximarmos da pra\u00e7a, aprender alguns nomes, perguntar o que diverte eles e escutar a resposta. Ser\u00e1 estar tamb\u00e9m quando a batalha terminar, quando o v\u00eddeo n\u00e3o funcionar, quando a vergonha chegar ou quando o aplauso n\u00e3o bastar. <\/p><p>Os jovens precisam de pastores e acompanhantes que permane\u00e7am por perto, como algu\u00e9m ficou por perto de n\u00f3s quando us\u00e1vamos franjinha emo, rim\u00e1vamos num banco ou busc\u00e1vamos nosso lugar de jeitos que hoje nos fazem sorrir.<\/p>\t\t\t\t\t\t\t\t<\/div>\n\t\t\t\t<\/div>\n\t\t\t\t<div class=\"elementor-element elementor-element-d2271d5 elementor-blockquote--skin-border sc_fly_static elementor-widget elementor-widget-blockquote\" data-id=\"d2271d5\" data-element_type=\"widget\" data-e-type=\"widget\" data-widget_type=\"blockquote.default\">\n\t\t\t\t<div class=\"elementor-widget-container\">\n\t\t\t\t\t\t\t<blockquote class=\"elementor-blockquote\">\n\t\t\t<p class=\"elementor-blockquote__content\">\n\t\t\t\tA melhor maneira de farmar aura \u00e9 encarar a vida com esperan\u00e7a e alegria\t\t\t<\/p>\n\t\t\t\t\t\t\t<div class=\"e-q-footer\">\n\t\t\t\t\t\t\t\t\t\t\t<cite class=\"elementor-blockquote__author\">\u2020 Card. Fernando Chomali<\/cite>\n\t\t\t\t\t\t\t\t\t\t\t\t\t\t<\/div>\n\t\t\t\t\t<\/blockquote>\n\t\t\t\t\t\t<\/div>\n\t\t\t\t<\/div>\n\t\t\t\t\t<\/div>\n\t\t\t\t<\/div>\n\t\t<div class=\"elementor-element elementor-element-e324bb8 e-flex e-con-boxed sc_layouts_column_icons_position_left e-con e-parent\" data-id=\"e324bb8\" data-element_type=\"container\" data-e-type=\"container\">\n\t\t\t\t\t<div class=\"e-con-inner\">\n\t\t<div class=\"elementor-element elementor-element-34b7da8 e-con-full e-flex sc_layouts_column_icons_position_left e-con e-child\" data-id=\"34b7da8\" data-element_type=\"container\" data-e-type=\"container\">\n\t\t\t\t<div class=\"elementor-element elementor-element-f4ff282 sc_fly_static elementor-widget elementor-widget-text-editor\" data-id=\"f4ff282\" data-element_type=\"widget\" data-e-type=\"widget\" data-widget_type=\"text-editor.default\">\n\t\t\t\t<div class=\"elementor-widget-container\">\n\t\t\t\t\t\t\t\t\t<h3 data-pm-slice=\"1 1 []\">Quatro movimentos para acompanhar<\/h3><p><strong>Primeiro, aproximar-se antes de interpretar.<\/strong> N\u00e3o \u00e9 preciso dominar o dicion\u00e1rio deles nem fingir que somos um deles. Basta uma curiosidade honesta: \u201cO que voc\u00eas gostam nisso?\u201d, \u201ccomo voc\u00eas decidem quem ganha?\u201d, \u201co que voc\u00ea sente quando chega a sua vez de entrar?\u201d. Uma boa pergunta reconhece que o jovem \u00e9 sujeito da pr\u00f3pria experi\u00eancia, e n\u00e3o um objeto que precisamos analisar.  <\/p><p><strong>Segundo, celebrar o que j\u00e1 est\u00e1 vivo.<\/strong> H\u00e1 jogo, corpo, criatividade, coragem de se expor e desejo de pertencer. Tamb\u00e9m h\u00e1 risco de zombaria, press\u00e3o do grupo e necessidade de aprova\u00e7\u00e3o, mas a corre\u00e7\u00e3o pastoral come\u00e7a melhor a partir do bem que vemos do que do perigo que tememos. Quem se sabe reconhecido consegue escutar; quem se sente julgado aprende a se esconder.  <\/p>\t\t\t\t\t\t\t\t<\/div>\n\t\t\t\t<\/div>\n\t\t\t\t<\/div>\n\t\t<div class=\"elementor-element elementor-element-7748b7e e-con-full e-flex sc_layouts_column_icons_position_left e-con e-child\" data-id=\"7748b7e\" data-element_type=\"container\" data-e-type=\"container\">\n\t\t\t\t<div class=\"elementor-element elementor-element-0f16a24 sc_fly_static elementor-widget elementor-widget-image\" data-id=\"0f16a24\" data-element_type=\"widget\" data-e-type=\"widget\" data-widget_type=\"image.default\">\n\t\t\t\t<div class=\"elementor-widget-container\">\n\t\t\t\t\t\t\t\t\t\t\t\t\t\t\t<img loading=\"lazy\" decoding=\"async\" width=\"819\" height=\"1024\" src=\"https:\/\/jarinternacional.org\/wp-content\/uploads\/2026\/08\/exec-93425df4-ee08-47a9-a266-2a3a3c7558fd-819x1024.png\" class=\"attachment-large size-large wp-image-9590\" alt=\"\" srcset=\"https:\/\/jarinternacional.org\/wp-content\/uploads\/2026\/08\/exec-93425df4-ee08-47a9-a266-2a3a3c7558fd-819x1024.png 819w, https:\/\/jarinternacional.org\/wp-content\/uploads\/2026\/08\/exec-93425df4-ee08-47a9-a266-2a3a3c7558fd-240x300.png 240w, https:\/\/jarinternacional.org\/wp-content\/uploads\/2026\/08\/exec-93425df4-ee08-47a9-a266-2a3a3c7558fd-768x960.png 768w, https:\/\/jarinternacional.org\/wp-content\/uploads\/2026\/08\/exec-93425df4-ee08-47a9-a266-2a3a3c7558fd-370x462.png 370w, https:\/\/jarinternacional.org\/wp-content\/uploads\/2026\/08\/exec-93425df4-ee08-47a9-a266-2a3a3c7558fd-924x1155.png 924w, https:\/\/jarinternacional.org\/wp-content\/uploads\/2026\/08\/exec-93425df4-ee08-47a9-a266-2a3a3c7558fd-410x512.png 410w, https:\/\/jarinternacional.org\/wp-content\/uploads\/2026\/08\/exec-93425df4-ee08-47a9-a266-2a3a3c7558fd.png 1122w\" sizes=\"auto, (max-width: 819px) 100vw, 819px\" \/>\t\t\t\t\t\t\t\t\t\t\t\t\t\t\t<\/div>\n\t\t\t\t<\/div>\n\t\t\t\t<\/div>\n\t\t<div class=\"elementor-element elementor-element-ff9a17c e-con-full e-flex sc_layouts_column_icons_position_left e-con e-child\" data-id=\"ff9a17c\" data-element_type=\"container\" data-e-type=\"container\">\n\t\t\t\t<div class=\"elementor-element elementor-element-8a382ed sc_fly_static elementor-widget elementor-widget-image\" data-id=\"8a382ed\" data-element_type=\"widget\" data-e-type=\"widget\" data-widget_type=\"image.default\">\n\t\t\t\t<div class=\"elementor-widget-container\">\n\t\t\t\t\t\t\t\t\t\t\t\t\t\t\t<img loading=\"lazy\" decoding=\"async\" width=\"1024\" height=\"576\" src=\"https:\/\/jarinternacional.org\/wp-content\/uploads\/2026\/08\/exec-90c916b5-7394-423e-963c-257e91f805cd-1024x576.png\" class=\"attachment-large size-large wp-image-9592\" alt=\"\" srcset=\"https:\/\/jarinternacional.org\/wp-content\/uploads\/2026\/08\/exec-90c916b5-7394-423e-963c-257e91f805cd-1024x576.png 1024w, https:\/\/jarinternacional.org\/wp-content\/uploads\/2026\/08\/exec-90c916b5-7394-423e-963c-257e91f805cd-300x169.png 300w, https:\/\/jarinternacional.org\/wp-content\/uploads\/2026\/08\/exec-90c916b5-7394-423e-963c-257e91f805cd-768x432.png 768w, https:\/\/jarinternacional.org\/wp-content\/uploads\/2026\/08\/exec-90c916b5-7394-423e-963c-257e91f805cd-1536x864.png 1536w, https:\/\/jarinternacional.org\/wp-content\/uploads\/2026\/08\/exec-90c916b5-7394-423e-963c-257e91f805cd-370x208.png 370w, https:\/\/jarinternacional.org\/wp-content\/uploads\/2026\/08\/exec-90c916b5-7394-423e-963c-257e91f805cd-1290x725.png 1290w, https:\/\/jarinternacional.org\/wp-content\/uploads\/2026\/08\/exec-90c916b5-7394-423e-963c-257e91f805cd-924x520.png 924w, https:\/\/jarinternacional.org\/wp-content\/uploads\/2026\/08\/exec-90c916b5-7394-423e-963c-257e91f805cd-410x231.png 410w, https:\/\/jarinternacional.org\/wp-content\/uploads\/2026\/08\/exec-90c916b5-7394-423e-963c-257e91f805cd.png 1672w\" sizes=\"auto, (max-width: 1024px) 100vw, 1024px\" \/>\t\t\t\t\t\t\t\t\t\t\t\t\t\t\t<\/div>\n\t\t\t\t<\/div>\n\t\t\t\t<\/div>\n\t\t<div class=\"elementor-element elementor-element-9167aa0 e-con-full e-flex sc_layouts_column_icons_position_left e-con e-child\" data-id=\"9167aa0\" data-element_type=\"container\" data-e-type=\"container\">\n\t\t\t\t<div class=\"elementor-element elementor-element-8329f1a sc_fly_static elementor-widget elementor-widget-text-editor\" data-id=\"8329f1a\" data-element_type=\"widget\" data-e-type=\"widget\" data-widget_type=\"text-editor.default\">\n\t\t\t\t<div class=\"elementor-widget-container\">\n\t\t\t\t\t\t\t\t\t<p data-pm-slice=\"1 1 []\"><strong>Terceiro, oferecer lugares sem placar.<\/strong> Um tempo \u00e0 mesa depois da refei\u00e7\u00e3o, uma caminhada, um grupo pequeno, um momento de ora\u00e7\u00e3o ou uma tarefa de servi\u00e7o em que ningu\u00e9m precise impressionar. N\u00e3o se trata de proibir a c\u00e2mera, mas de tornar poss\u00edvel outra experi\u00eancia: descobrir que posso ser acolhido quando estou calado, quando n\u00e3o sei o que dizer ou quando algo d\u00e1 errado. <\/p><p><strong>E quarto, permanecer.<\/strong> Muitas atividades juvenis re\u00fanem gente por algumas horas; o acompanhamento crist\u00e3o come\u00e7a quando as luzes se apagam. Permanecer \u00e9 lembrar um nome, voltar a perguntar, sustentar uma ferida e dar tempo para que a pergunta por Deus nas\u00e7a sem for\u00e7ar. A resson\u00e2ncia, lembra Rosa, s\u00f3 \u00e9 poss\u00edvel \u201ccom confian\u00e7a e tempo, e sem medo\u201d. Talvez essa seja uma boa descri\u00e7\u00e3o de toda pastoral juvenil.   <\/p>\t\t\t\t\t\t\t\t<\/div>\n\t\t\t\t<\/div>\n\t\t\t\t<\/div>\n\t\t\t\t\t<\/div>\n\t\t\t\t<\/div>\n\t\t<div class=\"elementor-element elementor-element-b61f81b e-flex e-con-boxed sc_layouts_column_icons_position_left e-con e-parent\" data-id=\"b61f81b\" data-element_type=\"container\" data-e-type=\"container\">\n\t\t\t\t\t<div class=\"e-con-inner\">\n\t\t\t\t<div class=\"elementor-element elementor-element-e17eb8b sc_fly_static elementor-widget elementor-widget-text-editor\" data-id=\"e17eb8b\" data-element_type=\"widget\" data-e-type=\"widget\" data-widget_type=\"text-editor.default\">\n\t\t\t\t<div class=\"elementor-widget-container\">\n\t\t\t\t\t\t\t\t\t<h2 data-pm-slice=\"1 1 []\">Uma intui\u00e7\u00e3o agostiniana: mudar de batalha<\/h2><p>H\u00e1 uma intui\u00e7\u00e3o de Santo Agostinho que pode nos ajudar a olhar para tudo isso com mais profundidade. Em <em>De vera religione<\/em>, Agostinho n\u00e3o come\u00e7a desprezando nossos desejos, como se tudo o que buscamos estivesse errado desde a raiz. Ele se pergunta que bem estamos buscando, mesmo quando buscamos do jeito errado.  <\/p><p>Por tr\u00e1s do prazer, da curiosidade, do desejo de se destacar ou da necessidade de vencer, permanece uma nostalgia de algo verdadeiro. Nossos desejos podem se desordenar, mas guardam uma mem\u00f3ria da beleza para a qual fomos criados. Por isso, Agostinho chega a se perguntar que coisa n\u00e3o poderia servir de lembran\u00e7a daquela primeira Beleza que abandonamos.  <\/p><p>Tamb\u00e9m o desejo de aura poderia ser um desses lembretes. Querer ser visto, admirado, reconhecido ou lembrado n\u00e3o torna o jovem algu\u00e9m superficial. Esses desejos falam de uma necessidade humana mais profunda: que a nossa vida importe, que a nossa exist\u00eancia deixe uma marca e que algu\u00e9m possa reconhecer em n\u00f3s algo valioso.  <\/p><p>O problema aparece quando pedimos ao olhar do p\u00fablico o que esse olhar n\u00e3o pode nos dar. O aplauso pode reconhecer uma atua\u00e7\u00e3o, mas n\u00e3o sustentar uma identidade. Um v\u00eddeo pode guardar uma imagem, mas n\u00e3o nos dizer quem somos. Uma multid\u00e3o pode gritar nosso nome e, ainda assim, n\u00e3o nos conhecer.   <\/p><p>Agostinho escreve: \u201cQueremos ser invenc\u00edveis, e isso \u00e9 muito razo\u00e1vel\u201d. Ele n\u00e3o condena imediatamente esse desejo. Reconhece que h\u00e1 em n\u00f3s uma aspira\u00e7\u00e3o leg\u00edtima a n\u00e3o ficar submetidos, a n\u00e3o viver derrotados. Mas logo muda o lugar do combate. A gente se preocupa demais com a possibilidade de outro nos vencer e de menos com o fato de sermos vencidos pela nossa pr\u00f3pria ira, pela nossa inveja, pelo nosso medo ou pela nossa necessidade de aprova\u00e7\u00e3o.    <\/p><p>A batalha decisiva, portanto, n\u00e3o consiste em se impor a outro jovem. Consiste em chegar a ser livres diante daquilo que pode nos dominar por dentro. O verdadeiramente invenc\u00edvel n\u00e3o \u00e9 quem consegue que ningu\u00e9m o humilhe, mas quem n\u00e3o entrega seu valor \u00e0quilo que outro pode lhe dar ou tirar.  <\/p><p>Aqui ganha toda a for\u00e7a a frase mais conhecida desse texto: \u201cN\u00e3o queiras derramar-te para fora; entra dentro de ti mesmo, porque no homem interior reside a verdade\u201d.<\/p><p>Entrar para dentro n\u00e3o significa se fechar em si mesmo, se recrear nas pr\u00f3prias emo\u00e7\u00f5es ou construir uma vers\u00e3o interior ainda mais perfeita da nossa imagem. Agostinho acrescenta que, ao nos descobrirmos mut\u00e1veis, devemos nos transcender. A interioridade crist\u00e3 n\u00e3o termina no eu. \u00c9 o caminho pelo qual deixamos de viver dispersos entre os olhares alheios e nos abrimos a uma Verdade que n\u00e3o fabricamos.   <\/p><p>Talvez essa seja a grande contribui\u00e7\u00e3o que podemos oferecer como acompanhantes. N\u00e3o negar a necessidade de ser vistos, mas ajudar para que ela n\u00e3o fique cativa de qualquer olhar. N\u00e3o ridicularizar o desejo de deixar marca, mas conduzi-lo a uma vida que realmente possa dar fruto. N\u00e3o apagar a vontade de vencer, mas mostrar que h\u00e1 vit\u00f3rias que libertam e outras que, mesmo recebendo milhares de aplausos, acabam escravizando.   <\/p>\t\t\t\t\t\t\t\t<\/div>\n\t\t\t\t<\/div>\n\t\t\t\t\t<\/div>\n\t\t\t\t<\/div>\n\t\t<div class=\"elementor-element elementor-element-b6e87c6 e-flex e-con-boxed sc_layouts_column_icons_position_left e-con e-parent\" data-id=\"b6e87c6\" data-element_type=\"container\" data-e-type=\"container\">\n\t\t\t\t\t<div class=\"e-con-inner\">\n\t\t<div class=\"elementor-element elementor-element-bc80819 e-con-full e-flex sc_layouts_column_icons_position_left e-con e-child\" data-id=\"bc80819\" data-element_type=\"container\" data-e-type=\"container\">\n\t\t\t\t<div class=\"elementor-element elementor-element-eb073a0 sc_fly_static elementor-widget elementor-widget-image\" data-id=\"eb073a0\" data-element_type=\"widget\" data-e-type=\"widget\" data-widget_type=\"image.default\">\n\t\t\t\t<div class=\"elementor-widget-container\">\n\t\t\t\t\t\t\t\t\t\t\t\t\t\t\t<img loading=\"lazy\" decoding=\"async\" width=\"819\" height=\"1024\" src=\"https:\/\/jarinternacional.org\/wp-content\/uploads\/2026\/08\/exec-f6e197e0-7cc5-49a3-ab54-529460e6f50b-819x1024.png\" class=\"attachment-large size-large wp-image-9591\" alt=\"\" srcset=\"https:\/\/jarinternacional.org\/wp-content\/uploads\/2026\/08\/exec-f6e197e0-7cc5-49a3-ab54-529460e6f50b-819x1024.png 819w, https:\/\/jarinternacional.org\/wp-content\/uploads\/2026\/08\/exec-f6e197e0-7cc5-49a3-ab54-529460e6f50b-240x300.png 240w, https:\/\/jarinternacional.org\/wp-content\/uploads\/2026\/08\/exec-f6e197e0-7cc5-49a3-ab54-529460e6f50b-768x960.png 768w, https:\/\/jarinternacional.org\/wp-content\/uploads\/2026\/08\/exec-f6e197e0-7cc5-49a3-ab54-529460e6f50b-370x462.png 370w, https:\/\/jarinternacional.org\/wp-content\/uploads\/2026\/08\/exec-f6e197e0-7cc5-49a3-ab54-529460e6f50b-924x1155.png 924w, https:\/\/jarinternacional.org\/wp-content\/uploads\/2026\/08\/exec-f6e197e0-7cc5-49a3-ab54-529460e6f50b-410x512.png 410w, https:\/\/jarinternacional.org\/wp-content\/uploads\/2026\/08\/exec-f6e197e0-7cc5-49a3-ab54-529460e6f50b.png 1122w\" sizes=\"auto, (max-width: 819px) 100vw, 819px\" \/>\t\t\t\t\t\t\t\t\t\t\t\t\t\t\t<\/div>\n\t\t\t\t<\/div>\n\t\t\t\t<\/div>\n\t\t<div class=\"elementor-element elementor-element-cc1a518 e-con-full e-flex sc_layouts_column_icons_position_left e-con e-child\" data-id=\"cc1a518\" data-element_type=\"container\" data-e-type=\"container\">\n\t\t\t\t<div class=\"elementor-element elementor-element-11d1794 sc_fly_static elementor-widget elementor-widget-text-editor\" data-id=\"11d1794\" data-element_type=\"widget\" data-e-type=\"widget\" data-widget_type=\"text-editor.default\">\n\t\t\t\t<div class=\"elementor-widget-container\">\n\t\t\t\t\t\t\t\t\t<h2 data-pm-slice=\"1 1 []\">Estar ali quando a batalha terminar<\/h2><p>Podemos ajud\u00e1-los a descobrir uma batalha maior: n\u00e3o contra outros jovens nem contra o desejo de ser vistos, mas a favor de uma vida plena. Se quisermos entrar na brincadeira, poder\u00edamos dizer que ali h\u00e1 milh\u00f5es de pontos de aura; a f\u00e9 chama isso de vida eterna, e ela n\u00e3o se conquista como um trof\u00e9u, mas se recebe como um dom que compromete toda a liberdade. <\/p><p>In\u00e1cio de Loyola precisou aprender, depois de sonhar com fa\u00e7anhas exteriores, que o combate decisivo se travava por dentro. Agostinho nos oferece uma b\u00fassola semelhante: deixar de nos derramar no olhar exterior, entrar em n\u00f3s mesmos e descobrir que a verdade da nossa vida n\u00e3o depende do p\u00fablico. Ali n\u00e3o h\u00e1 espectadores, n\u00e3o h\u00e1 algoritmo e n\u00e3o d\u00e1 para comprar pontos.  <\/p><p>Talvez a nossa tarefa n\u00e3o seja ensin\u00e1-los a ganhar aura, mas acompanh\u00e1-los at\u00e9 que descubram que j\u00e1 foram vistos e amados. Que o valor deles n\u00e3o depende de sustentar uma pose. Que a marca mais profunda nem sempre \u00e9 a que re\u00fane mais testemunhas, mas a que deixam o servi\u00e7o, a amizade, a esperan\u00e7a e a entrega.  <\/p><p>E que, quando essa moda passar e a pr\u00f3xima chegar, eles ainda possam nos encontrar ali, entre uma batalha e outra.<\/p>\t\t\t\t\t\t\t\t<\/div>\n\t\t\t\t<\/div>\n\t\t\t\t<\/div>\n\t\t\t\t\t<\/div>\n\t\t\t\t<\/div>\n\t\t<div class=\"elementor-element elementor-element-c6f3585 e-flex e-con-boxed sc_layouts_column_icons_position_left e-con e-parent\" data-id=\"c6f3585\" data-element_type=\"container\" data-e-type=\"container\">\n\t\t\t\t\t<div class=\"e-con-inner\">\n\t\t\t\t<div class=\"elementor-element elementor-element-90a34e4 sc_fly_static elementor-widget elementor-widget-text-editor\" data-id=\"90a34e4\" data-element_type=\"widget\" data-e-type=\"widget\" data-widget_type=\"text-editor.default\">\n\t\t\t\t<div class=\"elementor-widget-container\">\n\t\t\t\t\t\t\t\t\t<h2 data-pm-slice=\"1 3 []\">Fontes e leituras de apoio<\/h2><ul data-spread=\"false\"><li><p><a href=\"https:\/\/www.elmundo.es\/madrid\/2026\/08\/30\/6a92b042e9cf4a920a8b458a.html\">El Mundo: batalha de farmar aura em Nuevos Ministerios<\/a>.<\/p><\/li><li><p><a href=\"https:\/\/www.telemadrid.es\/programas\/telenoticias-fin-de-semana\/Farmear-aura-la-nueva-moda-entre-los-jovenes-llega-a-Madrid-con-una-batalla-en-Nuevos-Ministerios-2-2920827903--20260829031014.html\">Telemadrid: centenas de jovens se re\u00fanem em Madri<\/a>.<\/p><\/li><li><p><a href=\"https:\/\/www.elespanol.com\/reportajes\/20260829\/reune-jovenes-farmear-aura-calle-no-sabe-organiza-vamos-vemos-redes\/1003744364716_0.amp.html\">El Espa\u00f1ol: os jovens explicam por que organizam essas batalhas<\/a>.<\/p><\/li><li><p><a href=\"https:\/\/knowyourmeme.com\/memes\/aura-farming\/\">Know Your Meme: origem documentada de \u201caura farming\u201d<\/a>.<\/p><\/li><li><p><a href=\"https:\/\/riau.antaranews.com\/berita\/419613\/gubernur-riau-jadikan-dikha-bocah-penari-pacu-jalur-sebagai-duta-pariwisata\">ANTARA: Rayyan Arkan Dikha e a tradi\u00e7\u00e3o do Pacu Jalur<\/a>.<\/p><\/li><li><p><a href=\"https:\/\/herdereditorial.com\/la-salvacion-de-lo-bello-2-edicion-9788425449970?srsltid=AfmBOoquV6IvsjZdoroKQxKaRJ_RdGhYlIi1CImf1Oqt29PJzIntdZW3\" target=\"_blank\" rel=\"noopener\">Byung-Chul Han, <em>A salva\u00e7\u00e3o do belo<\/em>, Herder.<\/a><\/p><\/li><li><p>C. Thi Nguyen, \u201cGamification and Value Capture\u201d, em <em>Games: Agency as Art<\/em>, Oxford University Press.<\/p><\/li><li><p><a href=\"https:\/\/elpais.com\/elpais\/2020\/01\/09\/ideas\/1578588157_960430.html\">Hartmut Rosa: \u201cTudo vai t\u00e3o r\u00e1pido que perdemos o contato com a vida\u201d<\/a>.<\/p><\/li><li><div><p class=\"SourceNote\"><a href=\"https:\/\/www.augustinus.it\/spagnolo\/vera_religione\/index2.htm\">Santo Agostinho, De vera religione.<\/a><\/p><\/div><\/li><\/ul>\t\t\t\t\t\t\t\t<\/div>\n\t\t\t\t<\/div>\n\t\t\t\t\t<\/div>\n\t\t\t\t<\/div>\n\t\t\t\t<\/div>\n\t\t","protected":false},"excerpt":{"rendered":"<p>O que significa farmar aura, por que isso atrai tantos jovens e como acompanh\u00e1-los a partir da escuta, da interioridade, da f\u00e9 e do servi\u00e7o.<\/p>\n","protected":false},"author":3,"featured_media":9585,"comment_status":"open","ping_status":"open","sticky":false,"template":"","format":"standard","meta":{"_price":"","_stock":"","_tribe_ticket_header":"","_tribe_default_ticket_provider":"","_tribe_ticket_capacity":"","_ticket_start_date":"","_ticket_end_date":"","_tribe_ticket_show_description":"","_tribe_ticket_show_not_going":false,"_tribe_ticket_use_global_stock":"","_tribe_ticket_global_stock_level":"","_global_stock_mode":"","_global_stock_cap":"","_tribe_rsvp_for_event":"","_tribe_ticket_going_count":"","_tribe_ticket_not_going_count":"","_tribe_tickets_list":"[]","_tribe_ticket_has_attendee_info_fields":false,"footnotes":""},"categories":[457],"tags":[471,472,460,464,465,479,476,478,469,473,459,462,461,482,470,468,467,480,475,481,146,136,477,466,474,463,458,140,483],"class_list":["post-9584","post","type-post","status-publish","format-standard","has-post-thumbnail","hentry","category-recursos-para-acompanhantes","tag-acompanhamento-juvenil","tag-acompanhamento-pastoral","tag-aura","tag-aura-farming","tag-batalhas-de-aura","tag-byung-chul-han","tag-carisma-e-autenticidade","tag-cultura-da-imagem","tag-cultura-digital-juvenil","tag-educacao-nas-redes-sociais","tag-farmar","tag-farmar-aura","tag-farmear-aura","tag-fe-e-jovens","tag-gamificacao-da-vida","tag-geracao-alfa","tag-geracao-z","tag-hartmut-rosa","tag-identidade-juvenil","tag-inacio-de-loyola","tag-interioridad-agustiniana","tag-jar-internacional","tag-jovens-e-autoestima","tag-jovens-e-redes-sociais","tag-necessidade-de-reconhecimento","tag-o-que-significa-farmar-aura","tag-pastoral-juvenil","tag-san-agustin","tag-servico-e-vida-crista"],"_links":{"self":[{"href":"https:\/\/jarinternacional.org\/pt-br\/wp-json\/wp\/v2\/posts\/9584","targetHints":{"allow":["GET"]}}],"collection":[{"href":"https:\/\/jarinternacional.org\/pt-br\/wp-json\/wp\/v2\/posts"}],"about":[{"href":"https:\/\/jarinternacional.org\/pt-br\/wp-json\/wp\/v2\/types\/post"}],"author":[{"embeddable":true,"href":"https:\/\/jarinternacional.org\/pt-br\/wp-json\/wp\/v2\/users\/3"}],"replies":[{"embeddable":true,"href":"https:\/\/jarinternacional.org\/pt-br\/wp-json\/wp\/v2\/comments?post=9584"}],"version-history":[{"count":1,"href":"https:\/\/jarinternacional.org\/pt-br\/wp-json\/wp\/v2\/posts\/9584\/revisions"}],"predecessor-version":[{"id":9593,"href":"https:\/\/jarinternacional.org\/pt-br\/wp-json\/wp\/v2\/posts\/9584\/revisions\/9593"}],"wp:featuredmedia":[{"embeddable":true,"href":"https:\/\/jarinternacional.org\/pt-br\/wp-json\/wp\/v2\/media\/9585"}],"wp:attachment":[{"href":"https:\/\/jarinternacional.org\/pt-br\/wp-json\/wp\/v2\/media?parent=9584"}],"wp:term":[{"taxonomy":"category","embeddable":true,"href":"https:\/\/jarinternacional.org\/pt-br\/wp-json\/wp\/v2\/categories?post=9584"},{"taxonomy":"post_tag","embeddable":true,"href":"https:\/\/jarinternacional.org\/pt-br\/wp-json\/wp\/v2\/tags?post=9584"}],"curies":[{"name":"wp","href":"https:\/\/api.w.org\/{rel}","templated":true}]}}