{"id":9624,"date":"2026-09-03T20:49:25","date_gmt":"2026-09-03T20:49:25","guid":{"rendered":"https:\/\/jarinternacional.org\/a-audiencia-de-leao-xiv-descomplicada-a-igreja-nao-pode-olhar-o-mundo-de-longe-comeca-uma-nova-catequese-sobre-gaudium-et-spes\/"},"modified":"2026-09-03T21:29:09","modified_gmt":"2026-09-03T21:29:09","slug":"a-audiencia-de-leao-xiv-descomplicada-a-igreja-nao-pode-olhar-o-mundo-de-longe-comeca-uma-nova-catequese-sobre-gaudium-et-spes","status":"publish","type":"post","link":"https:\/\/jarinternacional.org\/pt-br\/a-audiencia-de-leao-xiv-descomplicada-a-igreja-nao-pode-olhar-o-mundo-de-longe-comeca-uma-nova-catequese-sobre-gaudium-et-spes\/","title":{"rendered":"A audi\u00eancia de Le\u00e3o XIV descomplicada | A Igreja n\u00e3o pode olhar o mundo de longe: come\u00e7a uma nova catequese sobre Gaudium et spes"},"content":{"rendered":"<p data-pm-slice=\"1 1 []\">Na Audi\u00eancia Geral de 2 de setembro de 2026, o Papa Le\u00e3o XIV come\u00e7ou uma nova s\u00e9rie de catequeses sobre a constitui\u00e7\u00e3o pastoral <em><a href=\"https:\/\/www.vatican.va\/archive\/hist_councils\/ii_vatican_council\/documents\/vat-ii_const_19651207_gaudium-et-spes_sp.html\">Gaudium et spes<\/a><\/em>. A sua mensagem central \u00e9 clara: a Igreja deve escutar o mundo, partilhar as dificuldades das pessoas e servir especialmente quem sofre.<\/p>\n<p>Depois de concluir as suas reflex\u00f5es sobre <em>Sacrosanctum Concilium<\/em>, o Papa Le\u00e3o XIV come\u00e7ou na Audi\u00eancia Geral de 2 de setembro de 2026 um novo documento do Conc\u00edlio Vaticano II: a constitui\u00e7\u00e3o pastoral <em><a href=\"https:\/\/www.vatican.va\/archive\/hist_councils\/ii_vatican_council\/documents\/vat-ii_const_19651207_gaudium-et-spes_sp.html\">Gaudium et spes<\/a><\/em>.<\/p>\n<p>Este documento aborda uma quest\u00e3o fundamental: a rela\u00e7\u00e3o da Igreja com o mundo contempor\u00e2neo.<\/p>\n<p>Dito de maneira descomplicada, a pergunta \u00e9 esta: como pode a Igreja escutar, acompanhar e servir as pessoas no meio de tudo o que acontece no mundo?<\/p>\n<h2>Nada de &#8220;profetas de desgra\u00e7as&#8221;<\/h2>\n<p>O Papa recordou que s\u00e3o Jo\u00e3o XXIII j\u00e1 tinha advertido sobre os &#8220;profetas de desgra\u00e7as&#8221;: pessoas que olham o presente como se tudo fosse pior do que antes e como se a hist\u00f3ria n\u00e3o tivesse nada para nos ensinar.<\/p>\n<p>A resposta crist\u00e3 n\u00e3o consiste em ignorar os problemas nem em pensar ingenuamente que tudo vai bem. Consiste em tentar descobrir como atua a Provid\u00eancia de Deus mesmo no meio dos acontecimentos adversos.<\/p>\n<p><em>Gaudium et spes<\/em> n\u00e3o prop\u00f5e um otimismo ing\u00e9nuo. Prop\u00f5e olhar a realidade a partir do mist\u00e9rio de Cristo, que quis partilhar plenamente a nossa vida.<\/p>\n<p>Cristo fez-se \u00abem tudo semelhante aos seus irm\u00e3os\u00bb e entregou a sua vida \u00abcomo resgate por todos\u00bb. Essa proximidade de Cristo com a humanidade \u00e9 tamb\u00e9m o caminho que a Igreja deve percorrer.<\/p>\n<h2>Alegrias, esperan\u00e7as, tristezas e ang\u00fastias<\/h2>\n<p>O in\u00edcio de <em>Gaudium et spes<\/em> recolhe uma das express\u00f5es mais conhecidas do documento: a Igreja sente como pr\u00f3prias &#8220;as alegrias e as esperan\u00e7as, as tristezas e as ang\u00fastias dos homens de hoje, especialmente dos pobres e de todos os que sofrem&#8221;.<\/p>\n<p>Isto significa que a Igreja n\u00e3o pode permanecer indiferente perante a hist\u00f3ria e a vida concreta das pessoas.<\/p>\n<p>N\u00e3o pode contemplar de longe a injusti\u00e7a, a discrimina\u00e7\u00e3o ou a viol\u00eancia. Est\u00e1 chamada a escutar com o cora\u00e7\u00e3o, deixar-se interpelar e implicar-se.<\/p>\n<p>Os crist\u00e3os devem fazer-se cargo das dificuldades dos seus irm\u00e3os, especialmente de quem se encontra esmagado pelo sofrimento e pela injusti\u00e7a.<\/p>\n<h2>N\u00e3o basta observar: \u00e9 preciso envolver-se<\/h2>\n<p>O Papa afirmou que n\u00e3o podemos permanecer como espetadores desinteressados perante as mudan\u00e7as r\u00e1pidas e profundas do nosso tempo.<\/p>\n<p>Escutar de verdade implica permitir que a realidade nos questione. Tamb\u00e9m exige partilhar as dificuldades dos outros e trabalhar para encontrar respostas adequadas.<\/p>\n<p>Esse compromisso crist\u00e3o est\u00e1 sustentado por uma esperan\u00e7a: \u00abOs sofrimentos do tempo presente n\u00e3o se podem comparar com a gl\u00f3ria futura que se revelar\u00e1 em n\u00f3s\u00bb.<\/p>\n<p>A esperan\u00e7a crist\u00e3 n\u00e3o serve para escapar dos problemas. D\u00e1-nos for\u00e7as para entrar neles, acompanhar quem sofre e trabalhar por respostas concretas.<\/p>\n<h2>Ler os sinais dos tempos<\/h2>\n<p>A proximidade com as pessoas permite compreender mais profundamente os acontecimentos e tamb\u00e9m a Revela\u00e7\u00e3o.<\/p>\n<p>Por isso, <em>Gaudium et spes<\/em> recorda que a Igreja tem o dever permanente de &#8220;examinar os sinais dos tempos e interpret\u00e1-los \u00e0 luz do Evangelho&#8221;.<\/p>\n<p>N\u00e3o se trata simplesmente de seguir as modas ou aceitar tudo o que acontece. Trata-se de escutar, discernir e observar a realidade a partir do Evangelho.<\/p>\n<p>Este processo tamb\u00e9m exige que a pr\u00f3pria Igreja esteja disposta a converter-se continuamente.<\/p>\n<p>A Igreja n\u00e3o est\u00e1 movida por uma ambi\u00e7\u00e3o terrena. A sua miss\u00e3o \u00e9 continuar a obra de Cristo: dar testemunho da verdade, salvar e n\u00e3o condenar, servir e n\u00e3o ser servida.<\/p>\n<h2>Os pobres n\u00e3o s\u00e3o um tema secund\u00e1rio<\/h2>\n<p>O Papa retomou um ensinamento de Francisco: para a Igreja, a op\u00e7\u00e3o pelos pobres \u00e9 uma categoria teol\u00f3gica antes que cultural, sociol\u00f3gica, pol\u00edtica ou filos\u00f3fica.<\/p>\n<p>Os crist\u00e3os est\u00e3o chamados a descobrir Cristo nos pobres, prestar-lhes a sua voz, fazer-se amigos deles, escut\u00e1-los e compreend\u00ea-los.<\/p>\n<p>Isto quer dizer que os pobres n\u00e3o s\u00e3o unicamente pessoas a quem h\u00e1 que ajudar de longe. Tamb\u00e9m podem comunicar-nos uma sabedoria que devemos aprender a acolher.<\/p>\n<p>Servi-los faz parte da maneira como a Igreja vive a sua rela\u00e7\u00e3o com Cristo.<\/p>\n<h2>As contradi\u00e7\u00f5es do nosso mundo<\/h2>\n<p>Partilhar a vida da humanidade tamb\u00e9m obriga a reconhecer as contradi\u00e7\u00f5es do nosso tempo.<\/p>\n<p>O Papa mencionou v\u00e1rios exemplos:<\/p>\n<ul data-spread=\"false\">\n<li>O progresso cient\u00edfico e tecnol\u00f3gico oferece novas possibilidades, mas nem sempre chegam a todos nem se p\u00f5em verdadeiramente ao servi\u00e7o do ser humano.<\/li>\n<li>Conhecemos melhor as leis da vida social, mas continuamos a ter d\u00favidas sobre a dire\u00e7\u00e3o que devemos tomar.<\/li>\n<li>Existem mais riquezas e possibilidades econ\u00f3micas, enquanto muitas pessoas continuam a sofrer fome e mis\u00e9ria.<\/li>\n<li>Sabemos que est\u00e1 em jogo o futuro do planeta, mas custa-nos renunciar ao consumo ego\u00edsta.<\/li>\n<li>Desejamos a paz, mas ainda podemos cair na ilus\u00e3o de que a guerra \u00e9 um meio eficaz para a construir.<\/li>\n<\/ul>\n<p>O progresso, por si s\u00f3, n\u00e3o resolve todos os nossos problemas. \u00c9 necess\u00e1rio perguntarmo-nos ao servi\u00e7o de quem pomos os nossos conhecimentos, recursos e decis\u00f5es.<\/p>\n<h2>Uma Igreja que escuta e serve<\/h2>\n<p>No meio destas mudan\u00e7as e desequil\u00edbrios, a Igreja est\u00e1 chamada a servir o ser humano.<\/p>\n<p>Para o fazer, deve escutar e acolher as perguntas mais profundas que habitam no cora\u00e7\u00e3o das pessoas.<\/p>\n<p>A sua resposta n\u00e3o \u00e9 uma teoria afastada da vida. A Igreja aponta Cristo como &#8220;a chave, o centro e o fim de toda a hist\u00f3ria humana&#8221;.<\/p>\n<p>Al\u00e9m disso, est\u00e1 chamada a seguir o caminho de Cristo, que \u00abse despojou de si mesmo, tomando a condi\u00e7\u00e3o de servo\u00bb e foi obediente \u00abat\u00e9 \u00e0 morte, e uma morte de cruz\u00bb.<\/p>\n<p>A Igreja serve o mundo quando abandona a indiferen\u00e7a, se aproxima das pessoas e adota a atitude humilde e misericordiosa de Cristo.<\/p>\n<h2>As sauda\u00e7\u00f5es finais: alegria, esperan\u00e7a e proximidade<\/h2>\n<p>Nas sauda\u00e7\u00f5es aos peregrinos de diferentes l\u00ednguas, o Papa insistiu em que a alegria e a esperan\u00e7a devem ser o rosto de uma Igreja que anuncia e vive o Evangelho.<\/p>\n<p>Tamb\u00e9m destacou o di\u00e1logo e a coopera\u00e7\u00e3o, a evangeliza\u00e7\u00e3o, a busca da vida verdadeira, a proximidade pastoral e a aten\u00e7\u00e3o \u00e0s aspira\u00e7\u00f5es leg\u00edtimas das pessoas.<\/p>\n<p>Convidou especialmente a aproximar-se dos pobres e de quem sofre, para se tornarem testemunhas do Evangelho cheias de alegria e esperan\u00e7a.<\/p>\n<p>Ao falar das novas gera\u00e7\u00f5es, recordou a colabora\u00e7\u00e3o entre as fam\u00edlias, a escola e a Igreja na educa\u00e7\u00e3o. Tamb\u00e9m animou os grupos paroquiais a modelar a sua vida segundo o Evangelho e a semear o amor de Cristo na sociedade.<\/p>\n<h2>S\u00e3o Greg\u00f3rio Magno: uma grandeza nascida da f\u00e9<\/h2>\n<p>Ao dirigir-se aos jovens, aos doentes e aos rec\u00e9m-casados, o Papa recordou que no dia seguinte se celebraria a mem\u00f3ria de s\u00e3o Greg\u00f3rio Magno.<\/p>\n<p>Explicou que foi chamado &#8220;o grande&#8221; pela sua extraordin\u00e1ria obra como pastor num momento muito dif\u00edcil para a sociedade e para a Igreja.<\/p>\n<p>Mas a sua grandeza n\u00e3o procedia do poder nem do prest\u00edgio. Recebia a sua for\u00e7a de uma f\u00e9 viva em Cristo.<\/p>\n<p>O Papa convidou a seguir o seu exemplo e a renovar a confian\u00e7a em Deus, fonte de gra\u00e7a e esperan\u00e7a para o mundo inteiro.<\/p>\n<h2>A ideia descomplicada<\/h2>\n<p>A Igreja n\u00e3o est\u00e1 chamada a observar o mundo a partir de uma posi\u00e7\u00e3o c\u00f3moda ou distante.<\/p>\n<p>Est\u00e1 chamada a escutar com o cora\u00e7\u00e3o, deixar-se interpelar, aproximar-se de quem sofre e trabalhar por respostas concretas.<\/p>\n<p>Isto n\u00e3o significa aceitar ingenuamente tudo o que acontece. Significa ler os sinais dos tempos \u00e0 luz do Evangelho e p\u00f4r os nossos conhecimentos, possibilidades e recursos ao servi\u00e7o das pessoas.<\/p>\n<p>Dito em poucas palavras: a Igreja partilha as alegrias e as feridas do mundo porque quer continuar a obra de Cristo.<\/p>\n<p>O seu rosto deve ser o de uma Igreja pr\u00f3xima, humilde e servidora. Uma Igreja marcada por duas palavras: alegria e esperan\u00e7a, <em>gaudium et spes<\/em>.<\/p>\n<p><img loading=\"lazy\" decoding=\"async\" class=\"aligncenter wp-image-9627 size-full\" src=\"https:\/\/jarinternacional.org\/wp-content\/uploads\/2026\/09\/WhatsApp-Image-2026-09-02-at-14.38.42.jpeg\" alt=\"\" width=\"900\" height=\"1600\" srcset=\"https:\/\/jarinternacional.org\/wp-content\/uploads\/2026\/09\/WhatsApp-Image-2026-09-02-at-14.38.42.jpeg 900w, https:\/\/jarinternacional.org\/wp-content\/uploads\/2026\/09\/WhatsApp-Image-2026-09-02-at-14.38.42-169x300.jpeg 169w, https:\/\/jarinternacional.org\/wp-content\/uploads\/2026\/09\/WhatsApp-Image-2026-09-02-at-14.38.42-576x1024.jpeg 576w, https:\/\/jarinternacional.org\/wp-content\/uploads\/2026\/09\/WhatsApp-Image-2026-09-02-at-14.38.42-768x1365.jpeg 768w, https:\/\/jarinternacional.org\/wp-content\/uploads\/2026\/09\/WhatsApp-Image-2026-09-02-at-14.38.42-864x1536.jpeg 864w, https:\/\/jarinternacional.org\/wp-content\/uploads\/2026\/09\/WhatsApp-Image-2026-09-02-at-14.38.42-370x658.jpeg 370w, https:\/\/jarinternacional.org\/wp-content\/uploads\/2026\/09\/WhatsApp-Image-2026-09-02-at-14.38.42-410x729.jpeg 410w\" sizes=\"auto, (max-width: 900px) 100vw, 900px\" \/><\/p>\n","protected":false},"excerpt":{"rendered":"<p>Le\u00e3o XIV come\u00e7a uma nova catequese sobre Gaudium et spes e explica por que a Igreja deve escutar, acompanhar e servir o mundo.<\/p>\n","protected":false},"author":4,"featured_media":9626,"comment_status":"open","ping_status":"open","sticky":false,"template":"","format":"standard","meta":{"_price":"","_stock":"","_tribe_ticket_header":"","_tribe_default_ticket_provider":"","_tribe_ticket_capacity":"","_ticket_start_date":"","_ticket_end_date":"","_tribe_ticket_show_description":"","_tribe_ticket_show_not_going":false,"_tribe_ticket_use_global_stock":"","_tribe_ticket_global_stock_level":"","_global_stock_mode":"","_global_stock_cap":"","_tribe_rsvp_for_event":"","_tribe_ticket_going_count":"","_tribe_ticket_not_going_count":"","_tribe_tickets_list":"[]","_tribe_ticket_has_attendee_info_fields":false,"footnotes":""},"categories":[344],"tags":[401,349,522,402,524,525,523],"class_list":["post-9624","post","type-post","status-publish","format-standard","has-post-thumbnail","hentry","category-a-audiencia-do-papa-descomplicada","tag-audiencia-geral-do-papa","tag-concilio-vaticano-ii","tag-igreja-e-mundo-contemporaneo","tag-leao-xiv","tag-opcao-pelos-pobres","tag-sao-gregorio-magno","tag-sinais-dos-tempos"],"_links":{"self":[{"href":"https:\/\/jarinternacional.org\/pt-br\/wp-json\/wp\/v2\/posts\/9624","targetHints":{"allow":["GET"]}}],"collection":[{"href":"https:\/\/jarinternacional.org\/pt-br\/wp-json\/wp\/v2\/posts"}],"about":[{"href":"https:\/\/jarinternacional.org\/pt-br\/wp-json\/wp\/v2\/types\/post"}],"author":[{"embeddable":true,"href":"https:\/\/jarinternacional.org\/pt-br\/wp-json\/wp\/v2\/users\/4"}],"replies":[{"embeddable":true,"href":"https:\/\/jarinternacional.org\/pt-br\/wp-json\/wp\/v2\/comments?post=9624"}],"version-history":[{"count":1,"href":"https:\/\/jarinternacional.org\/pt-br\/wp-json\/wp\/v2\/posts\/9624\/revisions"}],"predecessor-version":[{"id":9633,"href":"https:\/\/jarinternacional.org\/pt-br\/wp-json\/wp\/v2\/posts\/9624\/revisions\/9633"}],"wp:featuredmedia":[{"embeddable":true,"href":"https:\/\/jarinternacional.org\/pt-br\/wp-json\/wp\/v2\/media\/9626"}],"wp:attachment":[{"href":"https:\/\/jarinternacional.org\/pt-br\/wp-json\/wp\/v2\/media?parent=9624"}],"wp:term":[{"taxonomy":"category","embeddable":true,"href":"https:\/\/jarinternacional.org\/pt-br\/wp-json\/wp\/v2\/categories?post=9624"},{"taxonomy":"post_tag","embeddable":true,"href":"https:\/\/jarinternacional.org\/pt-br\/wp-json\/wp\/v2\/tags?post=9624"}],"curies":[{"name":"wp","href":"https:\/\/api.w.org\/{rel}","templated":true}]}}